{"id":77969,"date":"2022-04-28T12:07:32","date_gmt":"2022-04-28T10:07:32","guid":{"rendered":"https:\/\/cri1149.fr\/actuetu\/cri-also-publishes-on-covid-19-and-sars-cov2\/"},"modified":"2022-04-28T12:07:32","modified_gmt":"2022-04-28T10:07:32","slug":"cri-also-publishes-on-covid-19-and-sars-cov2","status":"publish","type":"post","link":"https:\/\/cri1149.fr\/en\/news\/cri-also-publishes-on-covid-19-and-sars-cov2\/","title":{"rendered":"CRI also publishes on COVID -19 and SARS-CoV2"},"content":{"rendered":"<div>\n<p style=\"text-align: justify;\"><span style=\"font-size: 14pt;\"><a href=\"https:\/\/pubmed.ncbi.nlm.nih.gov\/36563528\/\">Impact of BNT162b2 mRNA anti-SARS-CoV-2 vaccine on interferon-alpha production by plasmacytoid dendritic cells and autoreactive T cells in patients with systemic lupus erythematosus: The COVALUS project<\/a><\/span><\/p>\n<p style=\"text-align: justify;\">Mageau A, Tchen J, Ferr\u00e9 VM, Nicaise-Roland P, Descamps D, Delory N, Fran\u00e7ois C, Mendes C, Papo T, Goulenok T, Charles N, Sacr\u00e9 K. J Autoimmun.\u00a0<span lang=\"en-US\">2022 Dec 19;134:102987. doi: 10.1016\/j.jaut.2022.102987. Online ahead of print.<a class=\"clickandreadBtn\" title=\"La ressource a \u00e9t\u00e9 trouv\u00e9e dans  UNPAYWALL\" href=\"https:\/\/doi.org\/10.1016\/j.jaut.2022.102987\" target=\"_blank\" rel=\"noopener\" name=\"CLICKANDREADLink\"><\/a><\/span><span lang=\"en-US\">\u00a0<\/span><span lang=\"en-US\">PMID:\u00a0<\/span><span lang=\"en-US\">36563528<\/span><\/p>\n<blockquote>\n<h2 class=\"title\" style=\"text-align: justify;\"><span style=\"font-size: 10pt;\"><strong class=\"sub-title\" style=\"color: #999999;\">Objective: <\/strong><span style=\"color: #999999;\">To evaluate the specific response of SLE patients to BNT162b2 vaccination and its impact on autoimmunity defined as in vivo production of interferon-alpha (IFN\u03b1) by plasmacytoid dendritic cells (pDCs) and autoreactive immune responses.<\/span><\/span><\/h2>\n<div id=\"eng-abstract\" class=\"abstract-content selected\">\n<p style=\"text-align: justify;\"><span style=\"font-size: 10pt;\"><strong class=\"sub-title\">Methods:\u00a0<\/strong>Our prospective study included SLE patients and healthy volunteers (HV) who received 2 doses of BNT162b2 vaccine 4 weeks apart. Subjects under immunosuppressive drugs or with evidence of prior COVID-19 were excluded. IgG anti-Spike SARS-CoV-2 (anti-S) antibodies, anti-S specific-B cells, anti-S specific T cells, in vivo INF-\u03b1 production by pDCs, activation marker expression by pDCs and autoreactive anti-nuclear T cells were quantified before first injection, before second injection, and 3 and 6 months after first injection.<\/span><\/p>\n<p style=\"text-align: justify;\"><span style=\"font-size: 10pt;\"><strong class=\"sub-title\">Results:\u00a0<\/strong>Vaccinated SLE patients produced significantly lower IgG antibodies and specific B cells against SARS-CoV-2 as compared to HV. In contrast, anti-S T cell response did not significantly differ between SLE patients and HV. Following vaccination, the surface expression of HLA-DR and CD86 and the in vivo production of IFN\u03b1 by pDCs significantly increased in SLE patients. The boosted expression of HLA-DR on pDCs induced by BNT162b2 vaccine correlated with the overall immune responses against SARS-CoV-2 (anti-S antibodies: r = 0.27 [0.05-0.46], p = 0.02; anti-S B cells: r = 0.19 [-0.03-0.39], p = 0.09); anti-S T cells: r = 0.28 [0.05-0.47], p = 0.016). Eventually, anti-SARS-CoV-2 vaccination was associated with an overall decrease of autoreactive T cells (slope = &#8211; 0.00067, p = 0.015).<\/span><\/p>\n<p style=\"text-align: justify;\"><span style=\"font-size: 10pt;\"><strong class=\"sub-title\">Conclusion:\u00a0<\/strong>BNT162b2 vaccine induces a transient in vivo activation of pDCs in SLE that contributes to the immune responses against SARS-CoV-2. Unexpectedly BNT162b2 vaccine also dampens the pool of circulating autoreactive T cells, suggesting that vaccination may have a beneficial impact on SLE disease.<\/span><\/p>\n<\/div>\n<\/blockquote>\n<p>&nbsp;<\/p>\n<p style=\"text-align: justify;\"><strong><span style=\"font-size: 14pt;\"><a class=\"\" href=\"https:\/\/pubmed.ncbi.nlm.nih.gov\/35868584\/\" target=\"_blank\" rel=\"noopener\"><span class=\"\">Impact of COVID-19 on the liver and on the care of patients with chronic liver disease, hepatobiliary cancer, and liver transplantation: An updated EASL position paper.<\/span><\/a><\/span><\/strong><\/p>\n<p style=\"text-align: justify;\">Marjot T, Eberhardt CS, Boettler T, Belli LS, Berenguer M, Buti M, Jalan R, Mondelli MU, Moreau R, Shouval D, Berg T, Cornberg M. J Hepatol. <strong>2022 Jul 20<\/strong>:S0168-8278(22)02942-7. doi: 10.1016\/j.jhep.2022.07.008. Online ahead of print. PMID: 35868584<\/p>\n<blockquote>\n<p style=\"text-align: justify;\">The COVID-19 pandemic has presented a serious challenge to the hepatology community, particularly healthcare professionals and patients. While the rapid development of safe and effective vaccines and treatments has improved the clinical landscape, the emergence of the omicron variant has presented new challenges. Thus, it is timely that the European Association for the Study of the Liver provides a summary of the latest data on the impact of COVID-19 on the liver and issues guidance on the care of patients with chronic liver disease, hepatobiliary cancer, and previous liver transplantation, as the world continues to deal with the consequences of the COVID-19 pandemic.<\/p>\n<\/blockquote>\n<p>&nbsp;<\/p>\n<div>\n<p style=\"text-align: justify;\"><strong><span style=\"font-size: 14pt;\"><a class=\"\" href=\"https:\/\/pubmed.ncbi.nlm.nih.gov\/34968728\/\" target=\"_blank\" rel=\"noopener\"><span class=\"\">Impact of SARS-CoV-2 Pandemic on Vascular Liver Diseases.<\/span><\/a><\/span><\/strong><\/p>\n<\/div>\n<p style=\"text-align: justify;\">Baiges A, Cerda E, Amicone C, T\u00e9llez L, Alvarado-Tapias E, Puente A, Fortea JI, Llop E, Rocha F, Orts L, Ros-Fargas O, Vizcarra P, Zekrini K, Lounes OA, Touati G, Jim\u00e9nez-Esquivel N, Serrano MJ, Falg\u00e0 A, Magaz M, Olivas P, Betancourt F, Perez-Campuzano V, Turon F, Payanc\u00e9 A, Goria O, Rautou PE, Hern\u00e1ndez-Gea V, Villanueva C, Albillos A, Plessier A, Garc\u00eda-Pag\u00e1n JC. Clin Gastroenterol Hepatol. <strong>2022 Jul<\/strong>;20(7):1525-1533.e5. doi: 10.1016\/j.cgh.2021.12.032. Epub 2021 Dec 27. PMID: 34968728<\/p>\n<blockquote>\n<p style=\"text-align: justify;\">Vascular liver diseases (VLDs) are represented mainly by portosinusoidal vascular disease (PSVD), noncirrhotic splanchnic vein thrombosis (SVT), and Budd Chiari syndrome (BCS). It is unknown whether patients with VLDs constitute a high-risk population for complications and greater coronavirus disease 2019 (COVID-19)-related mortality from severe acute respiratory syndrome coronavirus 2 (SARS-CoV-2) infection. Our objective was to assess the prevalence and severity of SARS-CoV-2 infection among patients with VLDs, as well as to assess its impact on hepatic decompensation and survival.<\/p>\n<\/blockquote>\n<\/div>\n<div>\u00a0<\/div>\n<div><strong><span style=\"font-size: 14pt;\"><a href=\"https:\/\/pubmed.ncbi.nlm.nih.gov\/35238761\/\">Systemic lupus erythematosus flare following SARS-CoV2 infection: the implication of IFN\u03b1 and anti-IFN\u03b1 autoantibodies. <\/a><\/span><\/strong><br \/>\nMageau A, Nicaise Roland P, Goulenok T, Farkh C, <strong>Charles N<\/strong>, Sacre K. Clin Exp Rheumatol. 2022 Feb 16.<\/div>\n<blockquote>\n<div>\n<p>The involvement of type 1 interferon (IFN) and anti-type 1 IFN antibodies (Ab) in the pathophysiology of Systemic Lupus Erythematosus (SLE) and in the immune response during COVID-19 raises the concern of lupus flares induced by the SARS-CoV-2 infection. We report here the case of a patient in whom we were able to monitor the level of IFN\u03b1, anti-IFN\u03b1 Ab and anti-DNA Ab before, during and after infection with COVID-19. The clinical evolution compared with the evolution of these immunological markers suggests a direct link between the viral infection, the drop in the level of anti-IFN\u03b1 Ab and the lupus flare which followed. \u00a0<\/p>\n<\/div>\n<\/blockquote>\n<div>\u00a0<\/div>\n<div>\u00a0<\/div>\n<div>\n<div style=\"text-align: justify;\"><a href=\"https:\/\/pubmed.ncbi.nlm.nih.gov\/34654731\/\"><strong><span style=\"font-size: 14pt;\">Improving COVID-19 vaccine coverage in patients with autoimmune and inflammatory diseases<\/span><\/strong><\/a><\/div>\n<div style=\"text-align: justify;\">Tiphaine Goulenok, Chrystelle Francois, C\u00e9line Mendes, Fatima Farhi, Jean-Francois Alexandra, Diane Rouzaud, Thomas Papo, Karim Sacre. <em>J Rheumatol.<\/em> <strong>2021 Oct 15<\/strong>;jrheum.210534. doi: 10.3899\/jrheum.210534.<\/div>\n<\/div>\n<div>\u00a0<\/div>\n<div class=\"\" style=\"text-align: justify;\"><strong><span style=\"font-size: 14pt;\"><a class=\"docsum-title\" href=\"https:\/\/pubmed.ncbi.nlm.nih.gov\/34385265\/\" target=\"_blank\" rel=\"noopener\">Hyperventilation as one of the mechanisms of persistent dyspnoea in\u00a0SARS-CoV-2\u00a0survivors.<\/a><\/span><\/strong><\/p>\n<div class=\"full-citation docsum-citation\"><span class=\"docsum-authors full-authors\">Motiejunaite J, Balagny P, Arnoult F, Mangin L, Bancal C,\u00a0Vidal-Petiot E, Flamant M, Jondeau G, Cohen-Solal A, d&#8217;Ortho MP, Frija-Masson J.<\/span>\u00a0<span class=\"full-journal-citation docsum-journal-citation\"><em>Eur Respir J.<\/em> <strong>2021 Aug 26<\/strong>;58(2):2101578. doi: 10.1183\/13993003.01578-2021. <\/span><span class=\"citation-part\">PMID:\u00a0<span class=\"docsum-pmid\">34385265<\/span><\/span><\/div>\n<\/div>\n<div class=\"full-citation docsum-citation\" style=\"text-align: justify;\"><span class=\"citation-part\"><span class=\"docsum-pmid\">\u00a0<\/span><\/span><\/div>\n<div>\u00a0<\/div>\n<div class=\"full-citation docsum-citation\" style=\"text-align: justify;\"><strong><span class=\"citation-part\" style=\"font-size: 14pt;\"><span class=\"docsum-pmid\"><a class=\"docsum-title\" href=\"https:\/\/pubmed.ncbi.nlm.nih.gov\/34020126\/\" target=\"_blank\" rel=\"noopener\">Residual ground glass opacities three months after\u00a0Covid-19\u00a0pneumonia correlate to alteration of\u00a0respiratory\u00a0function: The post\u00a0Covid\u00a0M3 study.<\/a><\/span><\/span><\/strong><\/p>\n<div class=\"full-citation docsum-citation\" style=\"text-align: justify;\"><span class=\"docsum-authors full-authors\">Frija-Masson J, Debray MP, Boussouar S, Khalil A, Bancal C, Motiejunaite J, Galarza-Jimenez MA, Benzaquen H, Penaud D, Laveneziana P, Malrin R, Redheuil A, Donciu V, Lucidarme O, Taill\u00e9 C, Guerder A, Arnoult F,\u00a0Vidal-Petiot E, Flamant M, Similowski T, Morelot-Panzini C, Faure M, Lescure FX, Straus C, d&#8217;Ortho MP, Gonzalez-Bermejo J.<\/span>\u00a0<span class=\"full-journal-citation docsum-journal-citation\"><em>Respir Med. <\/em><strong>2021 Aug<\/strong>;184:106435. doi: 10.1016\/j.rmed.2021.106435.<\/span>\u00a0<span class=\"citation-part\">PMID:\u00a0<span class=\"docsum-pmid\">34020126<\/span><\/span><\/div>\n<\/div>\n<div>\u00a0<\/div>\n<div>\u00a0<\/div>\n<div><span style=\"font-size: 14pt;\"><a href=\"https:\/\/pubmed.ncbi.nlm.nih.gov\/33934296\/\"><strong>Time of bariatric surgery and hospitalization for SARS-Cov2: a Nationwide study<\/strong><\/a><\/span><u class=\"\"><br \/>\n<\/u><span class=\"authors-list-item \">Poghosyan T<sup class=\"affiliation-links\">\u00a0<\/sup><span class=\"comma\">, <\/span><\/span><span class=\"authors-list-item \">Rives-Lange C<span class=\"comma\">, <\/span><\/span><span class=\"authors-list-item \">Carette C<span class=\"comma\">, <\/span><\/span><span class=\"authors-list-item \">Girardeau Y <span class=\"comma\">,<\/span><\/span><span class=\"authors-list-item \">Jannot AS <span class=\"comma\">,<\/span><\/span><span class=\"authors-list-item \"> Czernichow S. <em>Obes Surg<\/em>. <strong>2021 Aug<\/strong>;31(8):3893-3895. doi: 10.1007\/s11695-021-05449-z<\/span><\/div>\n<p>&nbsp;<\/p>\n<p><a href=\"https:\/\/pubmed.ncbi.nlm.nih.gov\/34082752\/\"><span style=\"font-size: 14pt;\"><strong>Renin-angiotensin system blockers and COVID-19.<\/strong><\/span><\/a><br \/>\nVidal-Petiot E, Gault N.\u00a0 <i>BMC Med<\/i>. 2021;19(1):136. Published <strong>2021 Jun 4<\/strong>. doi:10.1186\/s12916-021-02012-6<\/p>\n<p>&nbsp;<\/p>\n<p style=\"text-align: justify;\"><a href=\"https:\/\/pubmed.ncbi.nlm.nih.gov\/33727216\/\"><strong><span style=\"font-size: 14pt;\">SARS-CoV-2 infection among inpatients with systemic lupus erythematosus in France: a nationwide epidemiological study.<\/span><\/strong><\/a><br \/>\nMageau A, Aldebert G, Van Gysel D, Papo T, Timsit JF, Sacre K. Ann Rheum Dis. <strong>2021 Mar 16<\/strong>:annrheumdis-2021-220010. doi: 10.1136\/annrheumdis-2021-220010.<\/p>\n<p style=\"text-align: justify;\">\u00a0<\/p>\n<p style=\"text-align: justify;\"><a href=\"https:\/\/pubmed.ncbi.nlm.nih.gov\/33776785\/\"><strong><span style=\"font-size: 14pt;\">The Good Treatment, the Bad Virus, and the Ugly Inflammation: Pathophysiology of Kidney Involvement During COVID-19.<\/span><\/strong><\/a><br \/>\nLe Stang MB, Desenclos J, Flamant M, Chousterman BG, Tabibzadeh N. Front Physiol. <strong>2021 Mar 11<\/strong>;12:613019. doi: 10.3389\/fphys.2021.613019. eCollection 2021. PMID: 33776785<\/p>\n<p style=\"text-align: justify;\">\u00a0<\/p>\n<p style=\"text-align: justify;\"><a href=\"https:\/\/pubmed.ncbi.nlm.nih.gov\/33876439\/\"><span style=\"font-size: 14pt;\">Chronic use of Renin-Angiotensin-Aldosterone-System blockers and mortality in COVID-19: a multicenter prospective cohort and literature review.<\/span><\/a><br \/>\nGault N, Esposito-Farese M, Revest M, Inamo J, Cabie A, Polard \u00c9, Hulot JS, Ghosn J, Chirouze C, Deconinck L, Diehl JL, Poissy J, Epaulard O, Lef\u00e8vre B, Piroth L, de Montmollin E, Oziol E, Etienne M, Laouenan C, Rossignol P, Costagliola D, Vidal-Petiot E; French-Covid cohort investigators and study group. Fundam Clin Pharmacol. <strong>2021 Apr 20<\/strong>. doi: 10.1111\/fcp.12683. Online ahead of print. PMID: 33876439<\/p>\n<p>&nbsp;<\/p>\n<p style=\"text-align: justify;\"><span style=\"font-size: 14pt;\"><strong><a href=\"https:\/\/pubmed-ncbi-nlm-nih-gov.proxy.insermbiblio.inist.fr\/33549252\/\">Arterial Thrombotic Events in Adult Inpatients With COVID-19.<\/a><br \/>\n<\/strong><\/span>Fournier M, Faille D, Dossier A, Mageau A, Nicaise Roland P, Ajzenberg N, Borie R, Bouadma L, Bunel V, Castier Y, Choquet C, Crestani B, Daugas E, Deconinck L, Descamps D, Descamps V, Dieud\u00e9 P, Ducrocq G, Faucher N, Goulenok T, Guidoux C, Khalil A, Lavall\u00e9e P, Lescure FX, Lortat-Jacob B, Mal H, Mutuon P, Pellenc Q, Steg PG, Taille C, Timsit JF, Yazdanpanah Y, Papo T, Sacr\u00e9 K. Mayo Clin Proc. 2021 Feb;96(2):295-303. doi: 10.1016\/j.mayocp.2020.11.018. Epub 2020 Nov 27. PMID: 33549252<\/p>\n<p style=\"text-align: justify;\">\u00a0<\/p>\n<p style=\"text-align: justify;\"><strong><span style=\"font-size: 14pt;\"><a href=\"https:\/\/pubmed-ncbi-nlm-nih-gov.proxy.insermbiblio.inist.fr\/33531712\/\">Outcome of SARS-CoV-2 infection is linked to MAIT cell activation and cytotoxicity.<\/a><\/span><\/strong><br \/>\nFlament H, Rouland M, Beaudoin L, Toubal A, Bertrand L, Lebourgeois S, Rousseau C, Soulard P, Gouda Z, Cagninacci L, Monteiro AC, Hurtado-Nedelec M, Luce S, Bailly K, Andrieu M, Saintpierre B, Letourneur F, Jouan Y, Si-Tahar M, Baranek T, Paget C, Boitard C, Vallet-Pichard A, Gautier JF, Ajzenberg N, Terrier B, P\u00e8ne F, Ghosn J, Lescure X, Yazdanpanah Y, Visseaux B, Descamps D, Timsit JF, Monteiro RC, Lehuen A. Nat Immunol. 2021 Feb 2. doi: 10.1038\/s41590-021-00870-z. Online ahead of print. PMID: 33531712<\/p>\n<p>&nbsp;<\/p>\n<p style=\"text-align: justify;\"><span style=\"font-size: 14pt;\"><strong><a href=\"https:\/\/pubmed-ncbi-nlm-nih-gov.proxy.insermbiblio.inist.fr\/33176991\/\">Impact of the first Covid-19 outbreak on liver transplantation activity in France: A snapshot.<\/a><\/strong><\/span><br \/>\nTurco C, Lim C, Soubrane O, Malaquin G, Kerbaul F, Bastien O, Conti F, Scatton O. Clin Res Hepatol Gastroenterol. 2020 Nov 8:101560. doi: 10.1016\/j.clinre.2020.10.005. Online ahead of print. PMID: 33176991<\/p>\n<p>&nbsp;<\/p>\n<p style=\"text-align: justify;\"><span style=\"font-size: 14pt;\"><strong><a href=\"https:\/\/pubmed-ncbi-nlm-nih-gov.proxy.insermbiblio.inist.fr\/33163949\/\">Impact of COVID-19 on the management of hepatocellular carcinoma in a high-prevalence area.<\/a><\/strong><\/span><br \/>\nAmaddeo G, Brustia R, Allaire M, Lequoy M, Hollande C, Regnault H, Blaise L, Ganne-Carri\u00e9 N, S\u00e9ror O, Larrey E, Lim C, Scatton O, El Mouhadi S, Ozenne V, Paye F, Balladur P, Dohan A, Massault PP, Pol S, Burgio MD, Vilgrain V, Sepulveda A, Cauchy F, Luciani A, Sommacale D, Leroy V, Roudot-Thoraval F, Bouattour M, Nault JC; Paris Liver Cancer Group. JHEP Rep. 2021 Feb;3(1):100199. doi: 10.1016\/j.jhepr.2020.100199. Epub 2020 Dec 22. PMID: 33163949<\/p>\n<p>&nbsp;<\/p>\n<p style=\"text-align: justify;\"><span style=\"font-size: 14pt;\"><a href=\"https:\/\/pubmed-ncbi-nlm-nih-gov.proxy.insermbiblio.inist.fr\/33021511\/\"><strong>Association between renin-angiotensin-aldosterone system blockers and outcome in coronavirus disease 2019: analysing in-hospital exposure generates a biased seemingly protective effect of treatment.<\/strong><\/a><\/span><br \/>\nLahens A, Mullaert J, Gressens S, Gault N, Flamant M, Deconinck L, Joly V, Yazdanpanah Y, Lescure FX, Vidal-Petiot E. J Hypertens. 2021 Feb 1;39(2):367-375. doi: 10.1097\/HJH.0000000000002658. PMID: 33021511<\/p>\n<p>&nbsp;<\/p>\n<p style=\"text-align: justify;\"><strong><span style=\"font-size: 14pt;\"><a href=\"https:\/\/pubmed-ncbi-nlm-nih-gov.proxy.insermbiblio.inist.fr\/32970772\/\">Lipoprotein concentrations over time in the intensive care unit COVID-19 patients: Results from the ApoCOVID study.<\/a><\/span><\/strong><br \/>\nTanaka S, De Tymowski C, Assadi M, Zappella N, Jean-Baptiste S, Robert T, Peoc&#8217;h K, Lortat-Jacob B, Fontaine L, Bouzid D, Tran-Dinh A, Tashk P, Meilhac O, Montravers P. PLoS One. 2020 Sep 24;15(9):e0239573. doi: 10.1371\/journal.pone.0239573. eCollection 2020. PMID: 32970772<\/p>\n<p>&nbsp;<\/p>\n<p style=\"text-align: justify;\"><span style=\"font-size: 14pt;\"><strong><a href=\"https:\/\/pubmed-ncbi-nlm-nih-gov.proxy.insermbiblio.inist.fr\/32870139\/\">Efficacy of Chest CT for COVID-19 Pneumonia Diagnosis in France.<\/a><\/strong><\/span><br \/>\nHerpe G, Lederlin M, Naudin M, Ohana M, Chaumoitre K, Gregory J, Vilgrain V, Freitag CA, De Margerie-Mellon C, Flory V, Ludwig M, Mondot L, Fitton I, Jacquier ARR, Ardilouze P, Petit I, Gervaise A, Bayle O, Crombe A, Mekuko Sokeng M, Thomas C, Henry G, Bliah V, Le Tat T, Guillot MS, Gendrin P, Garetier M, Bertolle E, Montagne C, Langlet B, Kalaaji A, Kayayan H, Desmots F, Dhaene B, Saulnier PJ, Guillevin R, Bartoli JM, Beregi JP, Tasu JP. Radiology. 2021 Feb;298(2):E81-E87. doi: 10.1148\/radiol.2020202568. Epub 2020 Sep 1. PMID: 32870139<\/p>\n<p>&nbsp;<\/p>\n<p style=\"text-align: justify;\"><strong><span style=\"font-size: 14pt;\"><a href=\"https:\/\/pubmed-ncbi-nlm-nih-gov.proxy.insermbiblio.inist.fr\/32835190\/\">Impact of COVID-19 on the care of patients with liver disease: EASL-ESCMID position paper after 6 months of the pandemic.<\/a><\/span><\/strong><br \/>\nBoettler T, Marjot T, Newsome PN, Mondelli MU, Maticic M, Cordero E, Jalan R, Moreau R, Cornberg M, Berg T. JHEP Rep. 2020 Oct;2(5):100169. doi: 10.1016\/j.jhepr.2020.100169. Epub 2020 Aug 4. PMID: 32835190<\/p>\n<p>&nbsp;<\/p>\n<p style=\"text-align: justify;\"><span style=\"font-size: 14pt;\"><strong><a href=\"https:\/\/pubmed-ncbi-nlm-nih-gov.proxy.insermbiblio.inist.fr\/32657190\/\">Extension of COVID-19 pulmonary parenchyma lesions based on real-life visual assessment on initial chest CT is an independent predictor of poor patient outcome.<\/a><\/strong><\/span><br \/>\nGr\u00e9gory J, Raynaud L, Galy A, Corre F, Bijot JC, Nguyen Y, Vilgrain V. Infect Dis (Lond). 2020 Nov;52(11):838-840. doi: 10.1080\/23744235.2020.1792544. Epub 2020 Jul 13. PMID: 32657190<\/p>\n<p>&nbsp;<\/p>\n<p style=\"text-align: justify;\"><strong><span style=\"font-size: 14pt;\"><a href=\"https:\/\/pubmed-ncbi-nlm-nih-gov.proxy.insermbiblio.inist.fr\/32360995\/\">No evidence for an increased liver uptake of SARS-CoV-2 in metabolic-associated fatty liver disease.<\/a><\/span><\/strong><br \/>\nBiquard L, Valla D, Rautou PE. J Hepatol. 2020 Sep;73(3):717-718. doi: 10.1016\/j.jhep.2020.04.035. Epub 2020 Apr 30. PMID: 32360995<\/p>\n","protected":false},"excerpt":{"rendered":"<p>Impact of BNT162b2 mRNA anti-SARS-CoV-2 vaccine on interferon-alpha production by plasmacytoid dendritic cells and autoreactive T cells in patients with systemic lupus erythematosus: The COVALUS project Mageau A, Tchen J, [&hellip;]<\/p>\n","protected":false},"author":9,"featured_media":0,"comment_status":"closed","ping_status":"closed","sticky":false,"template":"","format":"standard","meta":{"_acf_changed":false,"_EventAllDay":false,"_EventTimezone":"","_EventStartDate":"","_EventEndDate":"","_EventStartDateUTC":"","_EventEndDateUTC":"","_EventShowMap":false,"_EventShowMapLink":false,"_EventURL":"","_EventCost":"","_EventCostDescription":"","_EventCurrencySymbol":"","_EventCurrencyCode":"","_EventCurrencyPosition":"","_EventDateTimeSeparator":"","_EventTimeRangeSeparator":"","_EventOrganizerID":[],"_EventVenueID":[],"_OrganizerEmail":"","_OrganizerPhone":"","_OrganizerWebsite":"","_VenueAddress":"","_VenueCity":"","_VenueCountry":"","_VenueProvince":"","_VenueState":"","_VenueZip":"","_VenuePhone":"","_VenueURL":"","_VenueStateProvince":"","_VenueLat":"","_VenueLng":"","_VenueShowMap":false,"_VenueShowMapLink":false,"footnotes":""},"categories":[329,327],"tags":[],"class_list":["post-77969","post","type-post","status-publish","format-standard","hentry","category-covid","category-news"],"acf":[],"yoast_head":"<!-- This site is optimized with the Yoast SEO plugin v27.4 - https:\/\/yoast.com\/product\/yoast-seo-wordpress\/ -->\n<title>CRI also publishes on COVID -19 and SARS-CoV2 - CRI<\/title>\n<meta name=\"robots\" content=\"index, follow, max-snippet:-1, max-image-preview:large, max-video-preview:-1\" \/>\n<link rel=\"canonical\" href=\"https:\/\/cri1149.fr\/actuetu\/cri-also-publishes-on-covid-19-and-sars-cov2\/?lang=en\" \/>\n<meta property=\"og:locale\" content=\"en_US\" \/>\n<meta property=\"og:type\" content=\"article\" \/>\n<meta property=\"og:title\" content=\"CRI also publishes on COVID -19 and SARS-CoV2 - CRI\" \/>\n<meta property=\"og:description\" content=\"Impact of BNT162b2 mRNA anti-SARS-CoV-2 vaccine on interferon-alpha production by plasmacytoid dendritic cells and autoreactive T cells in patients with systemic lupus erythematosus: The COVALUS project Mageau A, Tchen J, [&hellip;]\" \/>\n<meta property=\"og:url\" content=\"https:\/\/cri1149.fr\/actuetu\/cri-also-publishes-on-covid-19-and-sars-cov2\/?lang=en\" \/>\n<meta property=\"og:site_name\" content=\"CRI\" \/>\n<meta property=\"article:publisher\" content=\"https:\/\/www.facebook.com\/CRI-Centre-de-recherche-sur-linflammation-100116118884153\" \/>\n<meta property=\"article:published_time\" content=\"2022-04-28T10:07:32+00:00\" \/>\n<meta name=\"author\" content=\"Julien Tourneur-Marsille\" \/>\n<meta name=\"twitter:card\" content=\"summary_large_image\" \/>\n<meta name=\"twitter:label1\" content=\"Written by\" \/>\n\t<meta name=\"twitter:data1\" content=\"Julien Tourneur-Marsille\" \/>\n\t<meta name=\"twitter:label2\" content=\"Est. reading time\" \/>\n\t<meta name=\"twitter:data2\" content=\"9 minutes\" \/>\n<script type=\"application\/ld+json\" class=\"yoast-schema-graph\">{\"@context\":\"https:\\\/\\\/schema.org\",\"@graph\":[{\"@type\":\"Article\",\"@id\":\"https:\\\/\\\/cri1149.fr\\\/actuetu\\\/cri-also-publishes-on-covid-19-and-sars-cov2\\\/?lang=en#article\",\"isPartOf\":{\"@id\":\"https:\\\/\\\/cri1149.fr\\\/actuetu\\\/cri-also-publishes-on-covid-19-and-sars-cov2\\\/?lang=en\"},\"author\":{\"name\":\"Julien Tourneur-Marsille\",\"@id\":\"https:\\\/\\\/cri1149.fr\\\/#\\\/schema\\\/person\\\/8d52142957854ee6b1081a095b93ffb6\"},\"headline\":\"CRI also publishes on COVID -19 and SARS-CoV2\",\"datePublished\":\"2022-04-28T10:07:32+00:00\",\"mainEntityOfPage\":{\"@id\":\"https:\\\/\\\/cri1149.fr\\\/actuetu\\\/cri-also-publishes-on-covid-19-and-sars-cov2\\\/?lang=en\"},\"wordCount\":1810,\"publisher\":{\"@id\":\"https:\\\/\\\/cri1149.fr\\\/#organization\"},\"articleSection\":[\"COVID\",\"News\"],\"inLanguage\":\"en-US\"},{\"@type\":\"WebPage\",\"@id\":\"https:\\\/\\\/cri1149.fr\\\/actuetu\\\/cri-also-publishes-on-covid-19-and-sars-cov2\\\/?lang=en\",\"url\":\"https:\\\/\\\/cri1149.fr\\\/actuetu\\\/cri-also-publishes-on-covid-19-and-sars-cov2\\\/?lang=en\",\"name\":\"CRI also publishes on COVID -19 and SARS-CoV2 - CRI\",\"isPartOf\":{\"@id\":\"https:\\\/\\\/cri1149.fr\\\/#website\"},\"datePublished\":\"2022-04-28T10:07:32+00:00\",\"breadcrumb\":{\"@id\":\"https:\\\/\\\/cri1149.fr\\\/actuetu\\\/cri-also-publishes-on-covid-19-and-sars-cov2\\\/?lang=en#breadcrumb\"},\"inLanguage\":\"en-US\",\"potentialAction\":[{\"@type\":\"ReadAction\",\"target\":[\"https:\\\/\\\/cri1149.fr\\\/actuetu\\\/cri-also-publishes-on-covid-19-and-sars-cov2\\\/?lang=en\"]}]},{\"@type\":\"BreadcrumbList\",\"@id\":\"https:\\\/\\\/cri1149.fr\\\/actuetu\\\/cri-also-publishes-on-covid-19-and-sars-cov2\\\/?lang=en#breadcrumb\",\"itemListElement\":[{\"@type\":\"ListItem\",\"position\":1,\"name\":\"Accueil\",\"item\":\"https:\\\/\\\/cri1149.fr\\\/en\\\/\"},{\"@type\":\"ListItem\",\"position\":2,\"name\":\"Covid\",\"item\":\"https:\\\/\\\/cri1149.fr\\\/covid\\\/\"},{\"@type\":\"ListItem\",\"position\":3,\"name\":\"CRI also publishes on COVID -19 and SARS-CoV2\"}]},{\"@type\":\"WebSite\",\"@id\":\"https:\\\/\\\/cri1149.fr\\\/#website\",\"url\":\"https:\\\/\\\/cri1149.fr\\\/\",\"name\":\"CRI - Centre de Recherche sur l'Inflammation\",\"description\":\"Centre de Recherche sur l&#039;Inflammation\",\"publisher\":{\"@id\":\"https:\\\/\\\/cri1149.fr\\\/#organization\"},\"potentialAction\":[{\"@type\":\"SearchAction\",\"target\":{\"@type\":\"EntryPoint\",\"urlTemplate\":\"https:\\\/\\\/cri1149.fr\\\/?s={search_term_string}\"},\"query-input\":{\"@type\":\"PropertyValueSpecification\",\"valueRequired\":true,\"valueName\":\"search_term_string\"}}],\"inLanguage\":\"en-US\"},{\"@type\":\"Organization\",\"@id\":\"https:\\\/\\\/cri1149.fr\\\/#organization\",\"name\":\"CRI1149\",\"url\":\"https:\\\/\\\/cri1149.fr\\\/\",\"logo\":{\"@type\":\"ImageObject\",\"inLanguage\":\"en-US\",\"@id\":\"https:\\\/\\\/cri1149.fr\\\/#\\\/schema\\\/logo\\\/image\\\/\",\"url\":\"https:\\\/\\\/cri1149.fr\\\/wp-content\\\/uploads\\\/2014\\\/11\\\/8.4.2014-logo-CRI.jpg\",\"contentUrl\":\"https:\\\/\\\/cri1149.fr\\\/wp-content\\\/uploads\\\/2014\\\/11\\\/8.4.2014-logo-CRI.jpg\",\"width\":215,\"height\":176,\"caption\":\"CRI1149\"},\"image\":{\"@id\":\"https:\\\/\\\/cri1149.fr\\\/#\\\/schema\\\/logo\\\/image\\\/\"},\"sameAs\":[\"https:\\\/\\\/www.facebook.com\\\/CRI-Centre-de-recherche-sur-linflammation-100116118884153\",\"https:\\\/\\\/www.linkedin.com\\\/company\\\/cri-centre-de-recherche-sur-l-inflammation\\\/\"]},{\"@type\":\"Person\",\"@id\":\"https:\\\/\\\/cri1149.fr\\\/#\\\/schema\\\/person\\\/8d52142957854ee6b1081a095b93ffb6\",\"name\":\"Julien Tourneur-Marsille\",\"image\":{\"@type\":\"ImageObject\",\"inLanguage\":\"en-US\",\"@id\":\"https:\\\/\\\/secure.gravatar.com\\\/avatar\\\/41096b1ff389119b4b5978ac4f9a24358be6706f6e759dfeb7ffc54b9532f549?s=96&d=mm&r=g\",\"url\":\"https:\\\/\\\/secure.gravatar.com\\\/avatar\\\/41096b1ff389119b4b5978ac4f9a24358be6706f6e759dfeb7ffc54b9532f549?s=96&d=mm&r=g\",\"contentUrl\":\"https:\\\/\\\/secure.gravatar.com\\\/avatar\\\/41096b1ff389119b4b5978ac4f9a24358be6706f6e759dfeb7ffc54b9532f549?s=96&d=mm&r=g\",\"caption\":\"Julien Tourneur-Marsille\"}}]}<\/script>\n<!-- \/ Yoast SEO plugin. -->","yoast_head_json":{"title":"CRI also publishes on COVID -19 and SARS-CoV2 - CRI","robots":{"index":"index","follow":"follow","max-snippet":"max-snippet:-1","max-image-preview":"max-image-preview:large","max-video-preview":"max-video-preview:-1"},"canonical":"https:\/\/cri1149.fr\/actuetu\/cri-also-publishes-on-covid-19-and-sars-cov2\/?lang=en","og_locale":"en_US","og_type":"article","og_title":"CRI also publishes on COVID -19 and SARS-CoV2 - CRI","og_description":"Impact of BNT162b2 mRNA anti-SARS-CoV-2 vaccine on interferon-alpha production by plasmacytoid dendritic cells and autoreactive T cells in patients with systemic lupus erythematosus: The COVALUS project Mageau A, Tchen J, [&hellip;]","og_url":"https:\/\/cri1149.fr\/actuetu\/cri-also-publishes-on-covid-19-and-sars-cov2\/?lang=en","og_site_name":"CRI","article_publisher":"https:\/\/www.facebook.com\/CRI-Centre-de-recherche-sur-linflammation-100116118884153","article_published_time":"2022-04-28T10:07:32+00:00","author":"Julien Tourneur-Marsille","twitter_card":"summary_large_image","twitter_misc":{"Written by":"Julien Tourneur-Marsille","Est. reading time":"9 minutes"},"schema":{"@context":"https:\/\/schema.org","@graph":[{"@type":"Article","@id":"https:\/\/cri1149.fr\/actuetu\/cri-also-publishes-on-covid-19-and-sars-cov2\/?lang=en#article","isPartOf":{"@id":"https:\/\/cri1149.fr\/actuetu\/cri-also-publishes-on-covid-19-and-sars-cov2\/?lang=en"},"author":{"name":"Julien Tourneur-Marsille","@id":"https:\/\/cri1149.fr\/#\/schema\/person\/8d52142957854ee6b1081a095b93ffb6"},"headline":"CRI also publishes on COVID -19 and SARS-CoV2","datePublished":"2022-04-28T10:07:32+00:00","mainEntityOfPage":{"@id":"https:\/\/cri1149.fr\/actuetu\/cri-also-publishes-on-covid-19-and-sars-cov2\/?lang=en"},"wordCount":1810,"publisher":{"@id":"https:\/\/cri1149.fr\/#organization"},"articleSection":["COVID","News"],"inLanguage":"en-US"},{"@type":"WebPage","@id":"https:\/\/cri1149.fr\/actuetu\/cri-also-publishes-on-covid-19-and-sars-cov2\/?lang=en","url":"https:\/\/cri1149.fr\/actuetu\/cri-also-publishes-on-covid-19-and-sars-cov2\/?lang=en","name":"CRI also publishes on COVID -19 and SARS-CoV2 - CRI","isPartOf":{"@id":"https:\/\/cri1149.fr\/#website"},"datePublished":"2022-04-28T10:07:32+00:00","breadcrumb":{"@id":"https:\/\/cri1149.fr\/actuetu\/cri-also-publishes-on-covid-19-and-sars-cov2\/?lang=en#breadcrumb"},"inLanguage":"en-US","potentialAction":[{"@type":"ReadAction","target":["https:\/\/cri1149.fr\/actuetu\/cri-also-publishes-on-covid-19-and-sars-cov2\/?lang=en"]}]},{"@type":"BreadcrumbList","@id":"https:\/\/cri1149.fr\/actuetu\/cri-also-publishes-on-covid-19-and-sars-cov2\/?lang=en#breadcrumb","itemListElement":[{"@type":"ListItem","position":1,"name":"Accueil","item":"https:\/\/cri1149.fr\/en\/"},{"@type":"ListItem","position":2,"name":"Covid","item":"https:\/\/cri1149.fr\/covid\/"},{"@type":"ListItem","position":3,"name":"CRI also publishes on COVID -19 and SARS-CoV2"}]},{"@type":"WebSite","@id":"https:\/\/cri1149.fr\/#website","url":"https:\/\/cri1149.fr\/","name":"CRI - Centre de Recherche sur l'Inflammation","description":"Centre de Recherche sur l&#039;Inflammation","publisher":{"@id":"https:\/\/cri1149.fr\/#organization"},"potentialAction":[{"@type":"SearchAction","target":{"@type":"EntryPoint","urlTemplate":"https:\/\/cri1149.fr\/?s={search_term_string}"},"query-input":{"@type":"PropertyValueSpecification","valueRequired":true,"valueName":"search_term_string"}}],"inLanguage":"en-US"},{"@type":"Organization","@id":"https:\/\/cri1149.fr\/#organization","name":"CRI1149","url":"https:\/\/cri1149.fr\/","logo":{"@type":"ImageObject","inLanguage":"en-US","@id":"https:\/\/cri1149.fr\/#\/schema\/logo\/image\/","url":"https:\/\/cri1149.fr\/wp-content\/uploads\/2014\/11\/8.4.2014-logo-CRI.jpg","contentUrl":"https:\/\/cri1149.fr\/wp-content\/uploads\/2014\/11\/8.4.2014-logo-CRI.jpg","width":215,"height":176,"caption":"CRI1149"},"image":{"@id":"https:\/\/cri1149.fr\/#\/schema\/logo\/image\/"},"sameAs":["https:\/\/www.facebook.com\/CRI-Centre-de-recherche-sur-linflammation-100116118884153","https:\/\/www.linkedin.com\/company\/cri-centre-de-recherche-sur-l-inflammation\/"]},{"@type":"Person","@id":"https:\/\/cri1149.fr\/#\/schema\/person\/8d52142957854ee6b1081a095b93ffb6","name":"Julien Tourneur-Marsille","image":{"@type":"ImageObject","inLanguage":"en-US","@id":"https:\/\/secure.gravatar.com\/avatar\/41096b1ff389119b4b5978ac4f9a24358be6706f6e759dfeb7ffc54b9532f549?s=96&d=mm&r=g","url":"https:\/\/secure.gravatar.com\/avatar\/41096b1ff389119b4b5978ac4f9a24358be6706f6e759dfeb7ffc54b9532f549?s=96&d=mm&r=g","contentUrl":"https:\/\/secure.gravatar.com\/avatar\/41096b1ff389119b4b5978ac4f9a24358be6706f6e759dfeb7ffc54b9532f549?s=96&d=mm&r=g","caption":"Julien Tourneur-Marsille"}}]}},"_links":{"self":[{"href":"https:\/\/cri1149.fr\/en\/wp-json\/wp\/v2\/posts\/77969","targetHints":{"allow":["GET"]}}],"collection":[{"href":"https:\/\/cri1149.fr\/en\/wp-json\/wp\/v2\/posts"}],"about":[{"href":"https:\/\/cri1149.fr\/en\/wp-json\/wp\/v2\/types\/post"}],"author":[{"embeddable":true,"href":"https:\/\/cri1149.fr\/en\/wp-json\/wp\/v2\/users\/9"}],"replies":[{"embeddable":true,"href":"https:\/\/cri1149.fr\/en\/wp-json\/wp\/v2\/comments?post=77969"}],"version-history":[{"count":0,"href":"https:\/\/cri1149.fr\/en\/wp-json\/wp\/v2\/posts\/77969\/revisions"}],"wp:attachment":[{"href":"https:\/\/cri1149.fr\/en\/wp-json\/wp\/v2\/media?parent=77969"}],"wp:term":[{"taxonomy":"category","embeddable":true,"href":"https:\/\/cri1149.fr\/en\/wp-json\/wp\/v2\/categories?post=77969"},{"taxonomy":"post_tag","embeddable":true,"href":"https:\/\/cri1149.fr\/en\/wp-json\/wp\/v2\/tags?post=77969"}],"curies":[{"name":"wp","href":"https:\/\/api.w.org\/{rel}","templated":true}]}}