{"id":19032,"date":"2021-03-03T15:05:23","date_gmt":"2021-03-03T14:05:23","guid":{"rendered":"https:\/\/cri1149.fr\/?p=19032"},"modified":"2025-12-03T18:02:57","modified_gmt":"2025-12-03T17:02:57","slug":"interview-de-pe-rautou-dans-sciences-et-vie-dans-le-numero-de-mars-2021","status":"publish","type":"post","link":"https:\/\/cri1149.fr\/en\/actualites\/interview-de-pe-rautou-dans-sciences-et-vie-dans-le-numero-de-mars-2021\/","title":{"rendered":"Interview de PE Rautou dans Sciences et Vie dans le num\u00e9ro de mars 2021"},"content":{"rendered":"<p style=\"text-align: center;\"><span style=\"font-size: 24pt; color: #ff0000;\"><b><i>LA PRESSE EN PARLE <\/i><\/b><b><i>\u2026<\/i><\/b><\/span><\/p>\n<p><a href=\"https:\/\/cri1149.fr\/interview-de-pe-rautou-dans-sciences-et-vie-dans-le-numero-de-mars-2021\/actuetu\/attachment\/svie_1242_une-4-multiomique_page-0001\/\" rel=\"attachment wp-att-19138\"><img loading=\"lazy\" decoding=\"async\" class=\"aligncenter  wp-image-19138\" src=\"https:\/\/cri1149.fr\/wp-content\/uploads\/2021\/03\/SVIE_1242_Une-4-MULTIOMIQUE_page-0001-scaled.jpg\" alt=\"\" width=\"1200\" height=\"794\" srcset=\"https:\/\/cri1149.fr\/wp-content\/uploads\/2021\/03\/SVIE_1242_Une-4-MULTIOMIQUE_page-0001-scaled.jpg 2048w, https:\/\/cri1149.fr\/wp-content\/uploads\/2021\/03\/SVIE_1242_Une-4-MULTIOMIQUE_page-0001-300x198.jpg 300w, https:\/\/cri1149.fr\/wp-content\/uploads\/2021\/03\/SVIE_1242_Une-4-MULTIOMIQUE_page-0001-1024x677.jpg 1024w, https:\/\/cri1149.fr\/wp-content\/uploads\/2021\/03\/SVIE_1242_Une-4-MULTIOMIQUE_page-0001-768x508.jpg 768w, https:\/\/cri1149.fr\/wp-content\/uploads\/2021\/03\/SVIE_1242_Une-4-MULTIOMIQUE_page-0001-1536x1016.jpg 1536w, https:\/\/cri1149.fr\/wp-content\/uploads\/2021\/03\/SVIE_1242_Une-4-MULTIOMIQUE_page-0001-947x626.jpg 947w, https:\/\/cri1149.fr\/wp-content\/uploads\/2021\/03\/SVIE_1242_Une-4-MULTIOMIQUE_page-0001-624x413.jpg 624w, https:\/\/cri1149.fr\/wp-content\/uploads\/2021\/03\/SVIE_1242_Une-4-MULTIOMIQUE_page-0001-84x56.jpg 84w, https:\/\/cri1149.fr\/wp-content\/uploads\/2021\/03\/SVIE_1242_Une-4-MULTIOMIQUE_page-0001-1320x873.jpg 1320w\" sizes=\"auto, (max-width: 1200px) 100vw, 1200px\" \/><\/a><\/p>\n<p>&nbsp;<\/p>\n<p>&nbsp;<\/p>\n<p><b>* A lire aussi<\/b>: La r\u00e9gion IDF finance la <b>plateforme de v\u00e9sicules extracellulaires du CRI <\/b>mise en place par l\u2019\u00e9quipe Rautou :<\/p>\n<ul>\n<li><strong><u>L\u2019Universit\u00e9 de Paris et quatre de ses laboratoires,<\/u><\/strong> <strong><u>le laboratoire Mati<\/u><\/strong><strong><u>\u00e8<\/u><\/strong><strong><u>re et Syst<\/u><\/strong><strong><u>\u00e8<\/u><\/strong><strong><u>mes Complexes et son antenne MSC-Med, le Centre de Recherche sur l<\/u><\/strong><strong><u>\u2019<\/u><\/strong><strong><u>Inflammation, l<\/u><\/strong><strong><u>\u2019<\/u><\/strong><strong><u>Institut de Psychiatrie et de Neurosciences de Paris et le Paris Centre de Recherche Cardiovasculaire<\/u><\/strong> mettront en place la plateforme<strong>\u00ab\u00a0IVETH\u00a0\u00bb,<\/strong> premi\u00e8re plateforme d\u2019expertise technologique sur les v\u00e9sicules extracellulaires pour le diagnostic et les th\u00e9rapies personnalis\u00e9es. Cette plateforme apportera aux laboratoires acad\u00e9miques, aux cliniciens et aux entreprises une expertise et des technologies de rupture pour amener de nouvelles bioth\u00e9rapies par les v\u00e9sicules extracellulaires jusqu\u2019au patient.\u00a0<\/li>\n<\/ul>\n<p style=\"text-align: center;\"><a href=\"https:\/\/www.iledefrance.fr\/presse\">https:\/\/www.iledefrance.fr\/presse<\/a><\/p>\n<p>&nbsp;<\/p>\n","protected":false},"excerpt":{"rendered":"<p>LA PRESSE EN PARLE \u2026 &nbsp; &nbsp; * A lire aussi: La r\u00e9gion IDF finance la plateforme de v\u00e9sicules extracellulaires du CRI mise en place par l\u2019\u00e9quipe Rautou : L\u2019Universit\u00e9 [&hellip;]<\/p>\n","protected":false},"author":9,"featured_media":0,"comment_status":"closed","ping_status":"open","sticky":false,"template":"","format":"standard","meta":{"_acf_changed":false,"_EventAllDay":false,"_EventTimezone":"","_EventStartDate":"","_EventEndDate":"","_EventStartDateUTC":"","_EventEndDateUTC":"","_EventShowMap":false,"_EventShowMapLink":false,"_EventURL":"","_EventCost":"","_EventCostDescription":"","_EventCurrencySymbol":"","_EventCurrencyCode":"","_EventCurrencyPosition":"","_EventDateTimeSeparator":"","_EventTimeRangeSeparator":"","_EventOrganizerID":[],"_EventVenueID":[],"_OrganizerEmail":"","_OrganizerPhone":"","_OrganizerWebsite":"","_VenueAddress":"","_VenueCity":"","_VenueCountry":"","_VenueProvince":"","_VenueState":"","_VenueZip":"","_VenuePhone":"","_VenueURL":"","_VenueStateProvince":"","_VenueLat":"","_VenueLng":"","_VenueShowMap":false,"_VenueShowMapLink":false,"footnotes":""},"categories":[85],"tags":[],"class_list":["post-19032","post","type-post","status-publish","format-standard","hentry","category-actualites"],"acf":[],"yoast_head":"<!-- This site is optimized with the Yoast SEO plugin v27.4 - https:\/\/yoast.com\/product\/yoast-seo-wordpress\/ -->\n<title>Interview de PE Rautou dans Sciences et Vie dans le num\u00e9ro de mars 2021 - CRI<\/title>\n<meta name=\"robots\" content=\"index, follow, max-snippet:-1, max-image-preview:large, max-video-preview:-1\" \/>\n<link rel=\"canonical\" href=\"https:\/\/cri1149.fr\/actuetu\/interview-de-pe-rautou-dans-sciences-et-vie-dans-le-numero-de-mars-2021\/\" \/>\n<meta property=\"og:locale\" content=\"en_US\" \/>\n<meta property=\"og:type\" content=\"article\" \/>\n<meta property=\"og:title\" content=\"Interview de PE Rautou dans Sciences et Vie dans le num\u00e9ro de mars 2021 - CRI\" \/>\n<meta property=\"og:description\" content=\"LA PRESSE EN PARLE \u2026 &nbsp; &nbsp; * A lire aussi: La r\u00e9gion IDF finance la plateforme de v\u00e9sicules extracellulaires du CRI mise en place par l\u2019\u00e9quipe Rautou : L\u2019Universit\u00e9 [&hellip;]\" \/>\n<meta property=\"og:url\" content=\"https:\/\/cri1149.fr\/actuetu\/interview-de-pe-rautou-dans-sciences-et-vie-dans-le-numero-de-mars-2021\/\" \/>\n<meta property=\"og:site_name\" content=\"CRI\" \/>\n<meta property=\"article:publisher\" content=\"https:\/\/www.facebook.com\/CRI-Centre-de-recherche-sur-linflammation-100116118884153\" \/>\n<meta property=\"article:published_time\" content=\"2021-03-03T14:05:23+00:00\" \/>\n<meta property=\"article:modified_time\" content=\"2025-12-03T17:02:57+00:00\" \/>\n<meta property=\"og:image\" content=\"https:\/\/cri1149.fr\/wp-content\/uploads\/2021\/03\/SVIE_1242_Une-4-MULTIOMIQUE_page-0001-scaled.jpg\" \/>\n\t<meta property=\"og:image:width\" content=\"2048\" \/>\n\t<meta property=\"og:image:height\" content=\"1355\" \/>\n\t<meta property=\"og:image:type\" content=\"image\/jpeg\" \/>\n<meta name=\"author\" content=\"Julien Tourneur-Marsille\" \/>\n<meta name=\"twitter:card\" content=\"summary_large_image\" \/>\n<meta name=\"twitter:label1\" content=\"Written by\" \/>\n\t<meta name=\"twitter:data1\" content=\"Julien Tourneur-Marsille\" \/>\n\t<meta name=\"twitter:label2\" content=\"Est. reading time\" \/>\n\t<meta name=\"twitter:data2\" content=\"1 minute\" \/>\n<script type=\"application\/ld+json\" class=\"yoast-schema-graph\">{\"@context\":\"https:\\\/\\\/schema.org\",\"@graph\":[{\"@type\":\"Article\",\"@id\":\"https:\\\/\\\/cri1149.fr\\\/actuetu\\\/interview-de-pe-rautou-dans-sciences-et-vie-dans-le-numero-de-mars-2021\\\/#article\",\"isPartOf\":{\"@id\":\"https:\\\/\\\/cri1149.fr\\\/actuetu\\\/interview-de-pe-rautou-dans-sciences-et-vie-dans-le-numero-de-mars-2021\\\/\"},\"author\":{\"name\":\"Julien Tourneur-Marsille\",\"@id\":\"https:\\\/\\\/cri1149.fr\\\/#\\\/schema\\\/person\\\/8d52142957854ee6b1081a095b93ffb6\"},\"headline\":\"Interview de PE Rautou dans Sciences et Vie dans le num\u00e9ro de mars 2021\",\"datePublished\":\"2021-03-03T14:05:23+00:00\",\"dateModified\":\"2025-12-03T17:02:57+00:00\",\"mainEntityOfPage\":{\"@id\":\"https:\\\/\\\/cri1149.fr\\\/actuetu\\\/interview-de-pe-rautou-dans-sciences-et-vie-dans-le-numero-de-mars-2021\\\/\"},\"wordCount\":152,\"publisher\":{\"@id\":\"https:\\\/\\\/cri1149.fr\\\/#organization\"},\"image\":{\"@id\":\"https:\\\/\\\/cri1149.fr\\\/actuetu\\\/interview-de-pe-rautou-dans-sciences-et-vie-dans-le-numero-de-mars-2021\\\/#primaryimage\"},\"thumbnailUrl\":\"https:\\\/\\\/cri1149.fr\\\/wp-content\\\/uploads\\\/2021\\\/03\\\/SVIE_1242_Une-4-MULTIOMIQUE_page-0001-scaled.jpg\",\"articleSection\":[\"Actualit\u00e9s\"],\"inLanguage\":\"en-US\"},{\"@type\":\"WebPage\",\"@id\":\"https:\\\/\\\/cri1149.fr\\\/actuetu\\\/interview-de-pe-rautou-dans-sciences-et-vie-dans-le-numero-de-mars-2021\\\/\",\"url\":\"https:\\\/\\\/cri1149.fr\\\/actuetu\\\/interview-de-pe-rautou-dans-sciences-et-vie-dans-le-numero-de-mars-2021\\\/\",\"name\":\"Interview de PE Rautou dans Sciences et Vie dans le num\u00e9ro de mars 2021 - CRI\",\"isPartOf\":{\"@id\":\"https:\\\/\\\/cri1149.fr\\\/#website\"},\"primaryImageOfPage\":{\"@id\":\"https:\\\/\\\/cri1149.fr\\\/actuetu\\\/interview-de-pe-rautou-dans-sciences-et-vie-dans-le-numero-de-mars-2021\\\/#primaryimage\"},\"image\":{\"@id\":\"https:\\\/\\\/cri1149.fr\\\/actuetu\\\/interview-de-pe-rautou-dans-sciences-et-vie-dans-le-numero-de-mars-2021\\\/#primaryimage\"},\"thumbnailUrl\":\"https:\\\/\\\/cri1149.fr\\\/wp-content\\\/uploads\\\/2021\\\/03\\\/SVIE_1242_Une-4-MULTIOMIQUE_page-0001-scaled.jpg\",\"datePublished\":\"2021-03-03T14:05:23+00:00\",\"dateModified\":\"2025-12-03T17:02:57+00:00\",\"breadcrumb\":{\"@id\":\"https:\\\/\\\/cri1149.fr\\\/actuetu\\\/interview-de-pe-rautou-dans-sciences-et-vie-dans-le-numero-de-mars-2021\\\/#breadcrumb\"},\"inLanguage\":\"en-US\",\"potentialAction\":[{\"@type\":\"ReadAction\",\"target\":[\"https:\\\/\\\/cri1149.fr\\\/actuetu\\\/interview-de-pe-rautou-dans-sciences-et-vie-dans-le-numero-de-mars-2021\\\/\"]}]},{\"@type\":\"ImageObject\",\"inLanguage\":\"en-US\",\"@id\":\"https:\\\/\\\/cri1149.fr\\\/actuetu\\\/interview-de-pe-rautou-dans-sciences-et-vie-dans-le-numero-de-mars-2021\\\/#primaryimage\",\"url\":\"https:\\\/\\\/cri1149.fr\\\/wp-content\\\/uploads\\\/2021\\\/03\\\/SVIE_1242_Une-4-MULTIOMIQUE_page-0001-scaled.jpg\",\"contentUrl\":\"https:\\\/\\\/cri1149.fr\\\/wp-content\\\/uploads\\\/2021\\\/03\\\/SVIE_1242_Une-4-MULTIOMIQUE_page-0001-scaled.jpg\"},{\"@type\":\"BreadcrumbList\",\"@id\":\"https:\\\/\\\/cri1149.fr\\\/actuetu\\\/interview-de-pe-rautou-dans-sciences-et-vie-dans-le-numero-de-mars-2021\\\/#breadcrumb\",\"itemListElement\":[{\"@type\":\"ListItem\",\"position\":1,\"name\":\"Accueil\",\"item\":\"https:\\\/\\\/cri1149.fr\\\/en\\\/\"},{\"@type\":\"ListItem\",\"position\":2,\"name\":\"Actualit\u00e9s\",\"item\":\"https:\\\/\\\/cri1149.fr\\\/actuetu\\\/\"},{\"@type\":\"ListItem\",\"position\":3,\"name\":\"Interview de PE Rautou dans Sciences et Vie dans le num\u00e9ro de mars 2021\"}]},{\"@type\":\"WebSite\",\"@id\":\"https:\\\/\\\/cri1149.fr\\\/#website\",\"url\":\"https:\\\/\\\/cri1149.fr\\\/\",\"name\":\"CRI - Centre de Recherche sur l'Inflammation\",\"description\":\"Centre de Recherche sur l&#039;Inflammation\",\"publisher\":{\"@id\":\"https:\\\/\\\/cri1149.fr\\\/#organization\"},\"potentialAction\":[{\"@type\":\"SearchAction\",\"target\":{\"@type\":\"EntryPoint\",\"urlTemplate\":\"https:\\\/\\\/cri1149.fr\\\/?s={search_term_string}\"},\"query-input\":{\"@type\":\"PropertyValueSpecification\",\"valueRequired\":true,\"valueName\":\"search_term_string\"}}],\"inLanguage\":\"en-US\"},{\"@type\":\"Organization\",\"@id\":\"https:\\\/\\\/cri1149.fr\\\/#organization\",\"name\":\"CRI1149\",\"url\":\"https:\\\/\\\/cri1149.fr\\\/\",\"logo\":{\"@type\":\"ImageObject\",\"inLanguage\":\"en-US\",\"@id\":\"https:\\\/\\\/cri1149.fr\\\/#\\\/schema\\\/logo\\\/image\\\/\",\"url\":\"https:\\\/\\\/cri1149.fr\\\/wp-content\\\/uploads\\\/2014\\\/11\\\/8.4.2014-logo-CRI.jpg\",\"contentUrl\":\"https:\\\/\\\/cri1149.fr\\\/wp-content\\\/uploads\\\/2014\\\/11\\\/8.4.2014-logo-CRI.jpg\",\"width\":215,\"height\":176,\"caption\":\"CRI1149\"},\"image\":{\"@id\":\"https:\\\/\\\/cri1149.fr\\\/#\\\/schema\\\/logo\\\/image\\\/\"},\"sameAs\":[\"https:\\\/\\\/www.facebook.com\\\/CRI-Centre-de-recherche-sur-linflammation-100116118884153\",\"https:\\\/\\\/www.linkedin.com\\\/company\\\/cri-centre-de-recherche-sur-l-inflammation\\\/\"]},{\"@type\":\"Person\",\"@id\":\"https:\\\/\\\/cri1149.fr\\\/#\\\/schema\\\/person\\\/8d52142957854ee6b1081a095b93ffb6\",\"name\":\"Julien Tourneur-Marsille\",\"image\":{\"@type\":\"ImageObject\",\"inLanguage\":\"en-US\",\"@id\":\"https:\\\/\\\/secure.gravatar.com\\\/avatar\\\/41096b1ff389119b4b5978ac4f9a24358be6706f6e759dfeb7ffc54b9532f549?s=96&d=mm&r=g\",\"url\":\"https:\\\/\\\/secure.gravatar.com\\\/avatar\\\/41096b1ff389119b4b5978ac4f9a24358be6706f6e759dfeb7ffc54b9532f549?s=96&d=mm&r=g\",\"contentUrl\":\"https:\\\/\\\/secure.gravatar.com\\\/avatar\\\/41096b1ff389119b4b5978ac4f9a24358be6706f6e759dfeb7ffc54b9532f549?s=96&d=mm&r=g\",\"caption\":\"Julien Tourneur-Marsille\"}}]}<\/script>\n<!-- \/ Yoast SEO plugin. -->","yoast_head_json":{"title":"Interview de PE Rautou dans Sciences et Vie dans le num\u00e9ro de mars 2021 - CRI","robots":{"index":"index","follow":"follow","max-snippet":"max-snippet:-1","max-image-preview":"max-image-preview:large","max-video-preview":"max-video-preview:-1"},"canonical":"https:\/\/cri1149.fr\/actuetu\/interview-de-pe-rautou-dans-sciences-et-vie-dans-le-numero-de-mars-2021\/","og_locale":"en_US","og_type":"article","og_title":"Interview de PE Rautou dans Sciences et Vie dans le num\u00e9ro de mars 2021 - CRI","og_description":"LA PRESSE EN PARLE \u2026 &nbsp; &nbsp; * A lire aussi: La r\u00e9gion IDF finance la plateforme de v\u00e9sicules extracellulaires du CRI mise en place par l\u2019\u00e9quipe Rautou : L\u2019Universit\u00e9 [&hellip;]","og_url":"https:\/\/cri1149.fr\/actuetu\/interview-de-pe-rautou-dans-sciences-et-vie-dans-le-numero-de-mars-2021\/","og_site_name":"CRI","article_publisher":"https:\/\/www.facebook.com\/CRI-Centre-de-recherche-sur-linflammation-100116118884153","article_published_time":"2021-03-03T14:05:23+00:00","article_modified_time":"2025-12-03T17:02:57+00:00","og_image":[{"width":2048,"height":1355,"url":"https:\/\/cri1149.fr\/wp-content\/uploads\/2021\/03\/SVIE_1242_Une-4-MULTIOMIQUE_page-0001-scaled.jpg","type":"image\/jpeg"}],"author":"Julien Tourneur-Marsille","twitter_card":"summary_large_image","twitter_misc":{"Written by":"Julien Tourneur-Marsille","Est. reading time":"1 minute"},"schema":{"@context":"https:\/\/schema.org","@graph":[{"@type":"Article","@id":"https:\/\/cri1149.fr\/actuetu\/interview-de-pe-rautou-dans-sciences-et-vie-dans-le-numero-de-mars-2021\/#article","isPartOf":{"@id":"https:\/\/cri1149.fr\/actuetu\/interview-de-pe-rautou-dans-sciences-et-vie-dans-le-numero-de-mars-2021\/"},"author":{"name":"Julien Tourneur-Marsille","@id":"https:\/\/cri1149.fr\/#\/schema\/person\/8d52142957854ee6b1081a095b93ffb6"},"headline":"Interview de PE Rautou dans Sciences et Vie dans le num\u00e9ro de mars 2021","datePublished":"2021-03-03T14:05:23+00:00","dateModified":"2025-12-03T17:02:57+00:00","mainEntityOfPage":{"@id":"https:\/\/cri1149.fr\/actuetu\/interview-de-pe-rautou-dans-sciences-et-vie-dans-le-numero-de-mars-2021\/"},"wordCount":152,"publisher":{"@id":"https:\/\/cri1149.fr\/#organization"},"image":{"@id":"https:\/\/cri1149.fr\/actuetu\/interview-de-pe-rautou-dans-sciences-et-vie-dans-le-numero-de-mars-2021\/#primaryimage"},"thumbnailUrl":"https:\/\/cri1149.fr\/wp-content\/uploads\/2021\/03\/SVIE_1242_Une-4-MULTIOMIQUE_page-0001-scaled.jpg","articleSection":["Actualit\u00e9s"],"inLanguage":"en-US"},{"@type":"WebPage","@id":"https:\/\/cri1149.fr\/actuetu\/interview-de-pe-rautou-dans-sciences-et-vie-dans-le-numero-de-mars-2021\/","url":"https:\/\/cri1149.fr\/actuetu\/interview-de-pe-rautou-dans-sciences-et-vie-dans-le-numero-de-mars-2021\/","name":"Interview de PE Rautou dans Sciences et Vie dans le num\u00e9ro de mars 2021 - CRI","isPartOf":{"@id":"https:\/\/cri1149.fr\/#website"},"primaryImageOfPage":{"@id":"https:\/\/cri1149.fr\/actuetu\/interview-de-pe-rautou-dans-sciences-et-vie-dans-le-numero-de-mars-2021\/#primaryimage"},"image":{"@id":"https:\/\/cri1149.fr\/actuetu\/interview-de-pe-rautou-dans-sciences-et-vie-dans-le-numero-de-mars-2021\/#primaryimage"},"thumbnailUrl":"https:\/\/cri1149.fr\/wp-content\/uploads\/2021\/03\/SVIE_1242_Une-4-MULTIOMIQUE_page-0001-scaled.jpg","datePublished":"2021-03-03T14:05:23+00:00","dateModified":"2025-12-03T17:02:57+00:00","breadcrumb":{"@id":"https:\/\/cri1149.fr\/actuetu\/interview-de-pe-rautou-dans-sciences-et-vie-dans-le-numero-de-mars-2021\/#breadcrumb"},"inLanguage":"en-US","potentialAction":[{"@type":"ReadAction","target":["https:\/\/cri1149.fr\/actuetu\/interview-de-pe-rautou-dans-sciences-et-vie-dans-le-numero-de-mars-2021\/"]}]},{"@type":"ImageObject","inLanguage":"en-US","@id":"https:\/\/cri1149.fr\/actuetu\/interview-de-pe-rautou-dans-sciences-et-vie-dans-le-numero-de-mars-2021\/#primaryimage","url":"https:\/\/cri1149.fr\/wp-content\/uploads\/2021\/03\/SVIE_1242_Une-4-MULTIOMIQUE_page-0001-scaled.jpg","contentUrl":"https:\/\/cri1149.fr\/wp-content\/uploads\/2021\/03\/SVIE_1242_Une-4-MULTIOMIQUE_page-0001-scaled.jpg"},{"@type":"BreadcrumbList","@id":"https:\/\/cri1149.fr\/actuetu\/interview-de-pe-rautou-dans-sciences-et-vie-dans-le-numero-de-mars-2021\/#breadcrumb","itemListElement":[{"@type":"ListItem","position":1,"name":"Accueil","item":"https:\/\/cri1149.fr\/en\/"},{"@type":"ListItem","position":2,"name":"Actualit\u00e9s","item":"https:\/\/cri1149.fr\/actuetu\/"},{"@type":"ListItem","position":3,"name":"Interview de PE Rautou dans Sciences et Vie dans le num\u00e9ro de mars 2021"}]},{"@type":"WebSite","@id":"https:\/\/cri1149.fr\/#website","url":"https:\/\/cri1149.fr\/","name":"CRI - Centre de Recherche sur l'Inflammation","description":"Centre de Recherche sur l&#039;Inflammation","publisher":{"@id":"https:\/\/cri1149.fr\/#organization"},"potentialAction":[{"@type":"SearchAction","target":{"@type":"EntryPoint","urlTemplate":"https:\/\/cri1149.fr\/?s={search_term_string}"},"query-input":{"@type":"PropertyValueSpecification","valueRequired":true,"valueName":"search_term_string"}}],"inLanguage":"en-US"},{"@type":"Organization","@id":"https:\/\/cri1149.fr\/#organization","name":"CRI1149","url":"https:\/\/cri1149.fr\/","logo":{"@type":"ImageObject","inLanguage":"en-US","@id":"https:\/\/cri1149.fr\/#\/schema\/logo\/image\/","url":"https:\/\/cri1149.fr\/wp-content\/uploads\/2014\/11\/8.4.2014-logo-CRI.jpg","contentUrl":"https:\/\/cri1149.fr\/wp-content\/uploads\/2014\/11\/8.4.2014-logo-CRI.jpg","width":215,"height":176,"caption":"CRI1149"},"image":{"@id":"https:\/\/cri1149.fr\/#\/schema\/logo\/image\/"},"sameAs":["https:\/\/www.facebook.com\/CRI-Centre-de-recherche-sur-linflammation-100116118884153","https:\/\/www.linkedin.com\/company\/cri-centre-de-recherche-sur-l-inflammation\/"]},{"@type":"Person","@id":"https:\/\/cri1149.fr\/#\/schema\/person\/8d52142957854ee6b1081a095b93ffb6","name":"Julien Tourneur-Marsille","image":{"@type":"ImageObject","inLanguage":"en-US","@id":"https:\/\/secure.gravatar.com\/avatar\/41096b1ff389119b4b5978ac4f9a24358be6706f6e759dfeb7ffc54b9532f549?s=96&d=mm&r=g","url":"https:\/\/secure.gravatar.com\/avatar\/41096b1ff389119b4b5978ac4f9a24358be6706f6e759dfeb7ffc54b9532f549?s=96&d=mm&r=g","contentUrl":"https:\/\/secure.gravatar.com\/avatar\/41096b1ff389119b4b5978ac4f9a24358be6706f6e759dfeb7ffc54b9532f549?s=96&d=mm&r=g","caption":"Julien Tourneur-Marsille"}}]}},"_links":{"self":[{"href":"https:\/\/cri1149.fr\/en\/wp-json\/wp\/v2\/posts\/19032","targetHints":{"allow":["GET"]}}],"collection":[{"href":"https:\/\/cri1149.fr\/en\/wp-json\/wp\/v2\/posts"}],"about":[{"href":"https:\/\/cri1149.fr\/en\/wp-json\/wp\/v2\/types\/post"}],"author":[{"embeddable":true,"href":"https:\/\/cri1149.fr\/en\/wp-json\/wp\/v2\/users\/9"}],"replies":[{"embeddable":true,"href":"https:\/\/cri1149.fr\/en\/wp-json\/wp\/v2\/comments?post=19032"}],"version-history":[{"count":6,"href":"https:\/\/cri1149.fr\/en\/wp-json\/wp\/v2\/posts\/19032\/revisions"}],"predecessor-version":[{"id":77904,"href":"https:\/\/cri1149.fr\/en\/wp-json\/wp\/v2\/posts\/19032\/revisions\/77904"}],"wp:attachment":[{"href":"https:\/\/cri1149.fr\/en\/wp-json\/wp\/v2\/media?parent=19032"}],"wp:term":[{"taxonomy":"category","embeddable":true,"href":"https:\/\/cri1149.fr\/en\/wp-json\/wp\/v2\/categories?post=19032"},{"taxonomy":"post_tag","embeddable":true,"href":"https:\/\/cri1149.fr\/en\/wp-json\/wp\/v2\/tags?post=19032"}],"curies":[{"name":"wp","href":"https:\/\/api.w.org\/{rel}","templated":true}]}}