{"id":11386,"date":"2018-10-15T13:12:31","date_gmt":"2018-10-15T12:12:31","guid":{"rendered":"http:\/\/www.cri1149.fr\/?p=11386"},"modified":"2025-12-03T18:02:35","modified_gmt":"2025-12-03T17:02:35","slug":"faut-il-prescrire-une-antibioprophylaxie-au-long-cours-chez-les-malades-atteints-de-cirrhose-avancee","status":"publish","type":"post","link":"https:\/\/cri1149.fr\/en\/actualites\/faut-il-prescrire-une-antibioprophylaxie-au-long-cours-chez-les-malades-atteints-de-cirrhose-avancee\/","title":{"rendered":"Faut-il prescrire une antibioprophylaxie au long cours chez les malades atteints de cirrhose avanc\u00e9e ?"},"content":{"rendered":"<p style=\"text-align: justify;\"><strong>Effects of Long-term Norfloxacin Therapy in Patients with Advanced Cirrhosis.<\/strong><strong>Gastroenterology<\/strong><strong>. 2018 Aug 22. pii: S0016-5085(18)34891-1. doi: 10.1053\/j.gastro.2018.08.026. PMID:30144431.<\/strong> Moreau R, Elkrief L, Bureau C, Perarnau JM, Th\u00e9venot T, Saliba F, Louvet A, Nahon P, Lannes A, Anty R, Hillaire S, Pasquet B, Ozenne V, Rudler M, Ollivier-Hourmand I, Robic MA, d&#8217;Alteroche L, Di Martino V, Ripault MP, Pauwels A, Grang\u00e9 JD, Carbonell N, Bronowicki JP, Payanc\u00e9 A, Rautou PE, Valla D, Gault N, Lebrec D; NORFLOCIR Trial Investigators.<\/p>\n<p style=\"text-align: justify;\">Chez les malades atteints de cirrhose avanc\u00e9e (classe C de Child-Pugh), les infections bact\u00e9riennes sont fr\u00e9quentes et contribuent \u00e0 la mortalit\u00e9 \u00e9lev\u00e9e de cette population. Les infections bact\u00e9riennes, sont le plus souvent li\u00e9es \u00e0 la translocation d\u2019ent\u00e9robact\u00e9ries provenant du tube digestif en particulier des bacilles \u00e0 Gram n\u00e9gatif. La d\u00e9contamination digestive par l\u2019administration orale de fluoroquinolones au long cours chez les malades atteints de cirrhose avec une concentration de protides dans le liquide d\u2019ascite de moins de 15 g par litre est associ\u00e9e \u00e0 une diminution du risque d\u2019infection spontan\u00e9e du liquide d\u2019ascite et pourrait donc avoir un effet b\u00e9n\u00e9fique sur la survie. Cependant, elle est \u00e9galement associ\u00e9e \u00e0 une augmentation des infections \u00e0 germes multi-r\u00e9sistants, elles-m\u00eames s\u00e9v\u00e8res. Sur les 4 essais randomis\u00e9s publi\u00e9s jusqu\u2019\u00e0 pr\u00e9sent et qui ont tous enr\u00f4l\u00e9s des malades avec une concentration de protides dans l\u2019ascite de moins de 15 g par litre, aucun n\u2019avait la taille suffisante pour \u00e9valuer l\u2019impact de l\u2019administration prolong\u00e9e de fluoroquinolones sur la survie des malades atteints de cirrhose avanc\u00e9e. De plus, on ne savait rien sur l\u2019effet de cette administration prolong\u00e9e chez des malades avec une concentration de protides dans l\u2019ascite de 15 g par litre. L\u2019int\u00e9r\u00eat de l\u2019antibioprophylaxie par fluoroquinolones au long cours est donc d\u00e9battu.<\/p>\n<p style=\"text-align: justify;\">Des investigateurs fran\u00e7ais, sous la direction du Dr. Richard Moreau (DRCE \u00e0 l\u2019Inserm), ont r\u00e9alis\u00e9, dans le contexte d\u2019un PHRC national, un essai dont l\u2019objectif \u00e9tait d\u2019\u00e9valuer l\u2019effet de l\u2019administration prolong\u00e9e d\u2019une fluoroquinolone, la norfloxacine, sur la survie des malades atteints de cirrhose avanc\u00e9e n\u2019ayant pas re\u00e7u de fluoroquinolone dans le mois pr\u00e9c\u00e9dent l\u2019enr\u00f4lement dans l\u2019essai. Par ailleurs, si la concentration de protides a \u00e9t\u00e9 recueillie prospectivement \u00e0 l\u2019enr\u00f4lement, celle-ci n\u2019a pas \u00e9t\u00e9 utilis\u00e9e comme crit\u00e8re d\u2019inclusion dans l\u2019essai.<\/p>\n<p style=\"text-align: justify;\">Dans cet essai de phase 3, prospectif en double-insu, randomis\u00e9, parall\u00e8le, 291 malades atteints de cirrhose classe C de Child-Pugh ont \u00e9t\u00e9 inclus dans 18 centres fran\u00e7ais, entre 2010 et 2014. Les malades ont re\u00e7u oralement soit de la norfloxacine 400 mg par jour (n=144) soit un placebo (n=147) pendant 6 mois. Le crit\u00e8re de jugement principal \u00e9tait la mortalit\u00e9 \u00e0 6 mois.<\/p>\n<p style=\"text-align: justify;\">Selon la m\u00e9thode de Kaplan-Meier, la mortalit\u00e9 \u00e0 6 mois \u00e9tait de 14.8 % dans le groupe norfloxacine, et 19.7 % dans le groupe plac\u00e9bo, mails la diff\u00e9rence n\u2019\u00e9tait pas significative. Il a \u00e9t\u00e9 \u00e9galement r\u00e9alis\u00e9 une analyse de risque comp\u00e9titif prenant en compte la transplantation h\u00e9patique d\u2019une part, et stratifiant les malades en fonction de la concentration de protides dans l\u2019ascite au seuil de 15 g\/L. Chez les malades ayant une concentration de protides dans l\u2019ascite bas (moins de 15 g par litre), l\u2019incidence cumul\u00e9e de d\u00e9c\u00e8s \u00e0 6 mois \u00e9tait significativement plus faible dans le groupe norfloxacine (11.3 %) que dans le groupe placebo (28.6 %). En revanche, chez les malades ayant une concentration \u00e9lev\u00e9e de protides dans l\u2019ascite (15 g par litre ou plus), l\u2019incidence cumul\u00e9e de d\u00e9c\u00e8s \u00e9tait similaire dans le groupe norfloxacine et dans le groupe placebo. Par ailleurs, la fr\u00e9quence des infections (y compris les infections \u00e0 bacilles Gram-n\u00e9gatif) \u00e9tait r\u00e9duite dans le groupe norfloxacine, sans augmentation des infections \u00e0 germes multi-r\u00e9sistants, ni des colites \u00e0 Clostridium difficile.<\/p>\n<p style=\"text-align: justify;\">Il s\u2019agit du plus large essai contr\u00f4l\u00e9 randomis\u00e9 contre placebo, \u00e9valuant l\u2019int\u00e9r\u00eat de l\u2019antibioprophylaxie au long cours, chez les malades atteints de cirrhose avanc\u00e9e. Les r\u00e9sultats sugg\u00e8rent que l\u2019administration de norfloxacine au long cours chez les malades atteints de cirrhose avanc\u00e9e, permet de r\u00e9duire la mortalit\u00e9 \u00e0 6 mois, chez les malades ayant une concentration basse de protides dans l\u2019ascite (moins de 15 g par litre). Les r\u00e9sultats sugg\u00e8rent \u00e9galement que l\u2019administration prolong\u00e9e de norfloxacine n\u2019est pas utile chez les malades atteints de cirrhose avanc\u00e9e qui ont une concentration \u00e9lev\u00e9e de protides dans l\u2019ascite (15 g par litre ou plus).<\/p>\n","protected":false},"excerpt":{"rendered":"<p>L&#8217;\u00e9quipe de Richard Moreau publie un article dans &#8221; Gastroenterology&#8221;-2018<\/p>\n","protected":false},"author":9,"featured_media":0,"comment_status":"closed","ping_status":"open","sticky":false,"template":"","format":"standard","meta":{"_acf_changed":false,"_EventAllDay":false,"_EventTimezone":"","_EventStartDate":"","_EventEndDate":"","_EventStartDateUTC":"","_EventEndDateUTC":"","_EventShowMap":false,"_EventShowMapLink":false,"_EventURL":"","_EventCost":"","_EventCostDescription":"","_EventCurrencySymbol":"","_EventCurrencyCode":"","_EventCurrencyPosition":"","_EventDateTimeSeparator":"","_EventTimeRangeSeparator":"","_EventOrganizerID":[],"_EventVenueID":[],"_OrganizerEmail":"","_OrganizerPhone":"","_OrganizerWebsite":"","_VenueAddress":"","_VenueCity":"","_VenueCountry":"","_VenueProvince":"","_VenueState":"","_VenueZip":"","_VenuePhone":"","_VenueURL":"","_VenueStateProvince":"","_VenueLat":"","_VenueLng":"","_VenueShowMap":false,"_VenueShowMapLink":false,"footnotes":""},"categories":[85],"tags":[],"class_list":["post-11386","post","type-post","status-publish","format-standard","hentry","category-actualites"],"acf":[],"yoast_head":"<!-- This site is optimized with the Yoast SEO plugin v27.4 - https:\/\/yoast.com\/product\/yoast-seo-wordpress\/ -->\n<title>Faut-il prescrire une antibioprophylaxie au long cours chez les malades atteints de cirrhose avanc\u00e9e ? - CRI<\/title>\n<meta name=\"robots\" content=\"index, follow, max-snippet:-1, max-image-preview:large, max-video-preview:-1\" \/>\n<link rel=\"canonical\" href=\"https:\/\/cri1149.fr\/actuetu\/faut-il-prescrire-une-antibioprophylaxie-au-long-cours-chez-les-malades-atteints-de-cirrhose-avancee\/\" \/>\n<meta property=\"og:locale\" content=\"en_US\" \/>\n<meta property=\"og:type\" content=\"article\" \/>\n<meta property=\"og:title\" content=\"Faut-il prescrire une antibioprophylaxie au long cours chez les malades atteints de cirrhose avanc\u00e9e ? - CRI\" \/>\n<meta property=\"og:description\" content=\"L&#039;\u00e9quipe de Richard Moreau publie un article dans &quot; Gastroenterology&quot;-2018\" \/>\n<meta property=\"og:url\" content=\"https:\/\/cri1149.fr\/actuetu\/faut-il-prescrire-une-antibioprophylaxie-au-long-cours-chez-les-malades-atteints-de-cirrhose-avancee\/\" \/>\n<meta property=\"og:site_name\" content=\"CRI\" \/>\n<meta property=\"article:publisher\" content=\"https:\/\/www.facebook.com\/CRI-Centre-de-recherche-sur-linflammation-100116118884153\" \/>\n<meta property=\"article:published_time\" content=\"2018-10-15T12:12:31+00:00\" \/>\n<meta property=\"article:modified_time\" content=\"2025-12-03T17:02:35+00:00\" \/>\n<meta name=\"author\" content=\"Julien Tourneur-Marsille\" \/>\n<meta name=\"twitter:card\" content=\"summary_large_image\" \/>\n<meta name=\"twitter:label1\" content=\"Written by\" \/>\n\t<meta name=\"twitter:data1\" content=\"Julien Tourneur-Marsille\" \/>\n\t<meta name=\"twitter:label2\" content=\"Est. reading time\" \/>\n\t<meta name=\"twitter:data2\" content=\"4 minutes\" \/>\n<script type=\"application\/ld+json\" class=\"yoast-schema-graph\">{\"@context\":\"https:\\\/\\\/schema.org\",\"@graph\":[{\"@type\":\"Article\",\"@id\":\"https:\\\/\\\/cri1149.fr\\\/actuetu\\\/faut-il-prescrire-une-antibioprophylaxie-au-long-cours-chez-les-malades-atteints-de-cirrhose-avancee\\\/#article\",\"isPartOf\":{\"@id\":\"https:\\\/\\\/cri1149.fr\\\/actuetu\\\/faut-il-prescrire-une-antibioprophylaxie-au-long-cours-chez-les-malades-atteints-de-cirrhose-avancee\\\/\"},\"author\":{\"name\":\"Julien Tourneur-Marsille\",\"@id\":\"https:\\\/\\\/cri1149.fr\\\/#\\\/schema\\\/person\\\/8d52142957854ee6b1081a095b93ffb6\"},\"headline\":\"Faut-il prescrire une antibioprophylaxie au long cours chez les malades atteints de cirrhose avanc\u00e9e ?\",\"datePublished\":\"2018-10-15T12:12:31+00:00\",\"dateModified\":\"2025-12-03T17:02:35+00:00\",\"mainEntityOfPage\":{\"@id\":\"https:\\\/\\\/cri1149.fr\\\/actuetu\\\/faut-il-prescrire-une-antibioprophylaxie-au-long-cours-chez-les-malades-atteints-de-cirrhose-avancee\\\/\"},\"wordCount\":795,\"publisher\":{\"@id\":\"https:\\\/\\\/cri1149.fr\\\/#organization\"},\"articleSection\":[\"Actualit\u00e9s\"],\"inLanguage\":\"en-US\"},{\"@type\":\"WebPage\",\"@id\":\"https:\\\/\\\/cri1149.fr\\\/actuetu\\\/faut-il-prescrire-une-antibioprophylaxie-au-long-cours-chez-les-malades-atteints-de-cirrhose-avancee\\\/\",\"url\":\"https:\\\/\\\/cri1149.fr\\\/actuetu\\\/faut-il-prescrire-une-antibioprophylaxie-au-long-cours-chez-les-malades-atteints-de-cirrhose-avancee\\\/\",\"name\":\"Faut-il prescrire une antibioprophylaxie au long cours chez les malades atteints de cirrhose avanc\u00e9e ? - CRI\",\"isPartOf\":{\"@id\":\"https:\\\/\\\/cri1149.fr\\\/#website\"},\"datePublished\":\"2018-10-15T12:12:31+00:00\",\"dateModified\":\"2025-12-03T17:02:35+00:00\",\"breadcrumb\":{\"@id\":\"https:\\\/\\\/cri1149.fr\\\/actuetu\\\/faut-il-prescrire-une-antibioprophylaxie-au-long-cours-chez-les-malades-atteints-de-cirrhose-avancee\\\/#breadcrumb\"},\"inLanguage\":\"en-US\",\"potentialAction\":[{\"@type\":\"ReadAction\",\"target\":[\"https:\\\/\\\/cri1149.fr\\\/actuetu\\\/faut-il-prescrire-une-antibioprophylaxie-au-long-cours-chez-les-malades-atteints-de-cirrhose-avancee\\\/\"]}]},{\"@type\":\"BreadcrumbList\",\"@id\":\"https:\\\/\\\/cri1149.fr\\\/actuetu\\\/faut-il-prescrire-une-antibioprophylaxie-au-long-cours-chez-les-malades-atteints-de-cirrhose-avancee\\\/#breadcrumb\",\"itemListElement\":[{\"@type\":\"ListItem\",\"position\":1,\"name\":\"Accueil\",\"item\":\"https:\\\/\\\/cri1149.fr\\\/en\\\/\"},{\"@type\":\"ListItem\",\"position\":2,\"name\":\"Actualit\u00e9s\",\"item\":\"https:\\\/\\\/cri1149.fr\\\/actuetu\\\/\"},{\"@type\":\"ListItem\",\"position\":3,\"name\":\"Faut-il prescrire une antibioprophylaxie au long cours chez les malades atteints de cirrhose avanc\u00e9e ?\"}]},{\"@type\":\"WebSite\",\"@id\":\"https:\\\/\\\/cri1149.fr\\\/#website\",\"url\":\"https:\\\/\\\/cri1149.fr\\\/\",\"name\":\"CRI - Centre de Recherche sur l'Inflammation\",\"description\":\"Centre de Recherche sur l&#039;Inflammation\",\"publisher\":{\"@id\":\"https:\\\/\\\/cri1149.fr\\\/#organization\"},\"potentialAction\":[{\"@type\":\"SearchAction\",\"target\":{\"@type\":\"EntryPoint\",\"urlTemplate\":\"https:\\\/\\\/cri1149.fr\\\/?s={search_term_string}\"},\"query-input\":{\"@type\":\"PropertyValueSpecification\",\"valueRequired\":true,\"valueName\":\"search_term_string\"}}],\"inLanguage\":\"en-US\"},{\"@type\":\"Organization\",\"@id\":\"https:\\\/\\\/cri1149.fr\\\/#organization\",\"name\":\"CRI1149\",\"url\":\"https:\\\/\\\/cri1149.fr\\\/\",\"logo\":{\"@type\":\"ImageObject\",\"inLanguage\":\"en-US\",\"@id\":\"https:\\\/\\\/cri1149.fr\\\/#\\\/schema\\\/logo\\\/image\\\/\",\"url\":\"https:\\\/\\\/cri1149.fr\\\/wp-content\\\/uploads\\\/2014\\\/11\\\/8.4.2014-logo-CRI.jpg\",\"contentUrl\":\"https:\\\/\\\/cri1149.fr\\\/wp-content\\\/uploads\\\/2014\\\/11\\\/8.4.2014-logo-CRI.jpg\",\"width\":215,\"height\":176,\"caption\":\"CRI1149\"},\"image\":{\"@id\":\"https:\\\/\\\/cri1149.fr\\\/#\\\/schema\\\/logo\\\/image\\\/\"},\"sameAs\":[\"https:\\\/\\\/www.facebook.com\\\/CRI-Centre-de-recherche-sur-linflammation-100116118884153\",\"https:\\\/\\\/www.linkedin.com\\\/company\\\/cri-centre-de-recherche-sur-l-inflammation\\\/\"]},{\"@type\":\"Person\",\"@id\":\"https:\\\/\\\/cri1149.fr\\\/#\\\/schema\\\/person\\\/8d52142957854ee6b1081a095b93ffb6\",\"name\":\"Julien Tourneur-Marsille\",\"image\":{\"@type\":\"ImageObject\",\"inLanguage\":\"en-US\",\"@id\":\"https:\\\/\\\/secure.gravatar.com\\\/avatar\\\/41096b1ff389119b4b5978ac4f9a24358be6706f6e759dfeb7ffc54b9532f549?s=96&d=mm&r=g\",\"url\":\"https:\\\/\\\/secure.gravatar.com\\\/avatar\\\/41096b1ff389119b4b5978ac4f9a24358be6706f6e759dfeb7ffc54b9532f549?s=96&d=mm&r=g\",\"contentUrl\":\"https:\\\/\\\/secure.gravatar.com\\\/avatar\\\/41096b1ff389119b4b5978ac4f9a24358be6706f6e759dfeb7ffc54b9532f549?s=96&d=mm&r=g\",\"caption\":\"Julien Tourneur-Marsille\"}}]}<\/script>\n<!-- \/ Yoast SEO plugin. -->","yoast_head_json":{"title":"Faut-il prescrire une antibioprophylaxie au long cours chez les malades atteints de cirrhose avanc\u00e9e ? - CRI","robots":{"index":"index","follow":"follow","max-snippet":"max-snippet:-1","max-image-preview":"max-image-preview:large","max-video-preview":"max-video-preview:-1"},"canonical":"https:\/\/cri1149.fr\/actuetu\/faut-il-prescrire-une-antibioprophylaxie-au-long-cours-chez-les-malades-atteints-de-cirrhose-avancee\/","og_locale":"en_US","og_type":"article","og_title":"Faut-il prescrire une antibioprophylaxie au long cours chez les malades atteints de cirrhose avanc\u00e9e ? - CRI","og_description":"L'\u00e9quipe de Richard Moreau publie un article dans \" Gastroenterology\"-2018","og_url":"https:\/\/cri1149.fr\/actuetu\/faut-il-prescrire-une-antibioprophylaxie-au-long-cours-chez-les-malades-atteints-de-cirrhose-avancee\/","og_site_name":"CRI","article_publisher":"https:\/\/www.facebook.com\/CRI-Centre-de-recherche-sur-linflammation-100116118884153","article_published_time":"2018-10-15T12:12:31+00:00","article_modified_time":"2025-12-03T17:02:35+00:00","author":"Julien Tourneur-Marsille","twitter_card":"summary_large_image","twitter_misc":{"Written by":"Julien Tourneur-Marsille","Est. reading time":"4 minutes"},"schema":{"@context":"https:\/\/schema.org","@graph":[{"@type":"Article","@id":"https:\/\/cri1149.fr\/actuetu\/faut-il-prescrire-une-antibioprophylaxie-au-long-cours-chez-les-malades-atteints-de-cirrhose-avancee\/#article","isPartOf":{"@id":"https:\/\/cri1149.fr\/actuetu\/faut-il-prescrire-une-antibioprophylaxie-au-long-cours-chez-les-malades-atteints-de-cirrhose-avancee\/"},"author":{"name":"Julien Tourneur-Marsille","@id":"https:\/\/cri1149.fr\/#\/schema\/person\/8d52142957854ee6b1081a095b93ffb6"},"headline":"Faut-il prescrire une antibioprophylaxie au long cours chez les malades atteints de cirrhose avanc\u00e9e ?","datePublished":"2018-10-15T12:12:31+00:00","dateModified":"2025-12-03T17:02:35+00:00","mainEntityOfPage":{"@id":"https:\/\/cri1149.fr\/actuetu\/faut-il-prescrire-une-antibioprophylaxie-au-long-cours-chez-les-malades-atteints-de-cirrhose-avancee\/"},"wordCount":795,"publisher":{"@id":"https:\/\/cri1149.fr\/#organization"},"articleSection":["Actualit\u00e9s"],"inLanguage":"en-US"},{"@type":"WebPage","@id":"https:\/\/cri1149.fr\/actuetu\/faut-il-prescrire-une-antibioprophylaxie-au-long-cours-chez-les-malades-atteints-de-cirrhose-avancee\/","url":"https:\/\/cri1149.fr\/actuetu\/faut-il-prescrire-une-antibioprophylaxie-au-long-cours-chez-les-malades-atteints-de-cirrhose-avancee\/","name":"Faut-il prescrire une antibioprophylaxie au long cours chez les malades atteints de cirrhose avanc\u00e9e ? - CRI","isPartOf":{"@id":"https:\/\/cri1149.fr\/#website"},"datePublished":"2018-10-15T12:12:31+00:00","dateModified":"2025-12-03T17:02:35+00:00","breadcrumb":{"@id":"https:\/\/cri1149.fr\/actuetu\/faut-il-prescrire-une-antibioprophylaxie-au-long-cours-chez-les-malades-atteints-de-cirrhose-avancee\/#breadcrumb"},"inLanguage":"en-US","potentialAction":[{"@type":"ReadAction","target":["https:\/\/cri1149.fr\/actuetu\/faut-il-prescrire-une-antibioprophylaxie-au-long-cours-chez-les-malades-atteints-de-cirrhose-avancee\/"]}]},{"@type":"BreadcrumbList","@id":"https:\/\/cri1149.fr\/actuetu\/faut-il-prescrire-une-antibioprophylaxie-au-long-cours-chez-les-malades-atteints-de-cirrhose-avancee\/#breadcrumb","itemListElement":[{"@type":"ListItem","position":1,"name":"Accueil","item":"https:\/\/cri1149.fr\/en\/"},{"@type":"ListItem","position":2,"name":"Actualit\u00e9s","item":"https:\/\/cri1149.fr\/actuetu\/"},{"@type":"ListItem","position":3,"name":"Faut-il prescrire une antibioprophylaxie au long cours chez les malades atteints de cirrhose avanc\u00e9e ?"}]},{"@type":"WebSite","@id":"https:\/\/cri1149.fr\/#website","url":"https:\/\/cri1149.fr\/","name":"CRI - Centre de Recherche sur l'Inflammation","description":"Centre de Recherche sur l&#039;Inflammation","publisher":{"@id":"https:\/\/cri1149.fr\/#organization"},"potentialAction":[{"@type":"SearchAction","target":{"@type":"EntryPoint","urlTemplate":"https:\/\/cri1149.fr\/?s={search_term_string}"},"query-input":{"@type":"PropertyValueSpecification","valueRequired":true,"valueName":"search_term_string"}}],"inLanguage":"en-US"},{"@type":"Organization","@id":"https:\/\/cri1149.fr\/#organization","name":"CRI1149","url":"https:\/\/cri1149.fr\/","logo":{"@type":"ImageObject","inLanguage":"en-US","@id":"https:\/\/cri1149.fr\/#\/schema\/logo\/image\/","url":"https:\/\/cri1149.fr\/wp-content\/uploads\/2014\/11\/8.4.2014-logo-CRI.jpg","contentUrl":"https:\/\/cri1149.fr\/wp-content\/uploads\/2014\/11\/8.4.2014-logo-CRI.jpg","width":215,"height":176,"caption":"CRI1149"},"image":{"@id":"https:\/\/cri1149.fr\/#\/schema\/logo\/image\/"},"sameAs":["https:\/\/www.facebook.com\/CRI-Centre-de-recherche-sur-linflammation-100116118884153","https:\/\/www.linkedin.com\/company\/cri-centre-de-recherche-sur-l-inflammation\/"]},{"@type":"Person","@id":"https:\/\/cri1149.fr\/#\/schema\/person\/8d52142957854ee6b1081a095b93ffb6","name":"Julien Tourneur-Marsille","image":{"@type":"ImageObject","inLanguage":"en-US","@id":"https:\/\/secure.gravatar.com\/avatar\/41096b1ff389119b4b5978ac4f9a24358be6706f6e759dfeb7ffc54b9532f549?s=96&d=mm&r=g","url":"https:\/\/secure.gravatar.com\/avatar\/41096b1ff389119b4b5978ac4f9a24358be6706f6e759dfeb7ffc54b9532f549?s=96&d=mm&r=g","contentUrl":"https:\/\/secure.gravatar.com\/avatar\/41096b1ff389119b4b5978ac4f9a24358be6706f6e759dfeb7ffc54b9532f549?s=96&d=mm&r=g","caption":"Julien Tourneur-Marsille"}}]}},"_links":{"self":[{"href":"https:\/\/cri1149.fr\/en\/wp-json\/wp\/v2\/posts\/11386","targetHints":{"allow":["GET"]}}],"collection":[{"href":"https:\/\/cri1149.fr\/en\/wp-json\/wp\/v2\/posts"}],"about":[{"href":"https:\/\/cri1149.fr\/en\/wp-json\/wp\/v2\/types\/post"}],"author":[{"embeddable":true,"href":"https:\/\/cri1149.fr\/en\/wp-json\/wp\/v2\/users\/9"}],"replies":[{"embeddable":true,"href":"https:\/\/cri1149.fr\/en\/wp-json\/wp\/v2\/comments?post=11386"}],"version-history":[{"count":2,"href":"https:\/\/cri1149.fr\/en\/wp-json\/wp\/v2\/posts\/11386\/revisions"}],"predecessor-version":[{"id":77841,"href":"https:\/\/cri1149.fr\/en\/wp-json\/wp\/v2\/posts\/11386\/revisions\/77841"}],"wp:attachment":[{"href":"https:\/\/cri1149.fr\/en\/wp-json\/wp\/v2\/media?parent=11386"}],"wp:term":[{"taxonomy":"category","embeddable":true,"href":"https:\/\/cri1149.fr\/en\/wp-json\/wp\/v2\/categories?post=11386"},{"taxonomy":"post_tag","embeddable":true,"href":"https:\/\/cri1149.fr\/en\/wp-json\/wp\/v2\/tags?post=11386"}],"curies":[{"name":"wp","href":"https:\/\/api.w.org\/{rel}","templated":true}]}}